{"id":5390,"date":"2026-04-29T11:39:07","date_gmt":"2026-04-29T11:39:07","guid":{"rendered":"https:\/\/uoiti.hr\/?p=5390"},"modified":"2026-04-29T11:40:53","modified_gmt":"2026-04-29T11:40:53","slug":"ozren-catela-gost-radio-rojca","status":"publish","type":"post","link":"https:\/\/uoiti.hr\/?p=5390","title":{"rendered":"Ozren Catela &#8211; gost Radio Rojca"},"content":{"rendered":"\n<p>U emisiji &#8220;Zdravo dru\u0161tvo&#8221; Radio Rojca danas je gostovao na\u0161 predsjednik Ozren Catela, koji je kao \u010dlan Povjerenstva za osobe s invaliditetom i djecu s te\u0161ko\u0107ama u razvoju Grada Pule govorio o posljednjoj, \u010detvrtoj sjednici odr\u017eanoj 16. travnja te op\u0107enito o radu ovog tijela osnovanog krajem 2024. godine. Osvrnuo se na promjenu predsjednika Povjerenstva, kojemu je na \u010delo do\u0161ao Sini\u0161a Gordi\u0107, dok je dosad predsjednica bila Ivana Mo\u010dini\u0107. <\/p>\n\n\n\n<p>Jedna od uloga povjerenstva je zaprimanje dojava gra\u0111ana o neadekvatnim prilagodbama u gradu, a koje se u dogovoru s predstavnicima gradskih slu\u017ebi nastoje ukloniti. Kao primjer navedeni su kontejneri za odvoz sme\u0107a koji nisu bili okrenuti tako da ih osobe s invaliditetom mogu ubaciti sme\u0107e. Razgovaralo se i o klju\u010du za otvaranje javnih sanitarnih \u010dvorova te gradskom projektu &#8220;Asistent na pla\u017eama \u2013 program uklju\u010divanja mladih\u201d Upravnog odjela za dru\u0161tvene djelatnosti i mlade&#8221;, koji \u0107e osobama s invaliditetom olak\u0161ati pristup pla\u017ei na Valkanama. Catela je ujedno najavio poseban sastanak Povjerenstva koji \u0107e se na inicijativu predsjednice Udruge za autizam Ivane Vudrag odr\u017eati na temu problematike osoba iz autisti\u010dnog spektra. <\/p>\n\n\n\n<figure class=\"wp-block-image aligncenter size-large is-resized\"><img loading=\"lazy\" decoding=\"async\" width=\"1024\" height=\"1021\" src=\"https:\/\/uoiti.hr\/wp-content\/uploads\/2026\/04\/FB_IMG_17774613608742959-1024x1021.jpg\" alt=\"\" class=\"wp-image-5391\" style=\"aspect-ratio:1.0029461543283396;width:342px;height:auto\" srcset=\"https:\/\/uoiti.hr\/wp-content\/uploads\/2026\/04\/FB_IMG_17774613608742959-1024x1021.jpg 1024w, https:\/\/uoiti.hr\/wp-content\/uploads\/2026\/04\/FB_IMG_17774613608742959-300x300.jpg 300w, https:\/\/uoiti.hr\/wp-content\/uploads\/2026\/04\/FB_IMG_17774613608742959-150x150.jpg 150w, https:\/\/uoiti.hr\/wp-content\/uploads\/2026\/04\/FB_IMG_17774613608742959-768x766.jpg 768w, https:\/\/uoiti.hr\/wp-content\/uploads\/2026\/04\/FB_IMG_17774613608742959.jpg 1027w\" sizes=\"auto, (max-width: 1024px) 100vw, 1024px\" \/><\/figure>\n\n\n\n<p><\/p>\n","protected":false},"excerpt":{"rendered":"<p>U emisiji &#8220;Zdravo dru\u0161tvo&#8221; Radio Rojca danas je gostovao na\u0161 predsjednik Ozren Catela, koji je kao \u010dlan Povjerenstva za osobe s invaliditetom i djecu s te\u0161ko\u0107ama u razvoju Grada Pule govorio o posljednjoj, \u010detvrtoj sjednici odr\u017eanoj 16. travnja te op\u0107enito o radu ovog tijela osnovanog krajem 2024. godine. Osvrnuo se na promjenu predsjednika Povjerenstva, kojemu [&hellip;]<\/p>\n","protected":false},"author":2,"featured_media":5393,"comment_status":"closed","ping_status":"","sticky":false,"template":"","format":"standard","meta":{"footnotes":""},"categories":[14,15],"tags":[],"class_list":["post-5390","post","type-post","status-publish","format-standard","has-post-thumbnail","hentry","category-novosti","category-udruga"],"blocksy_meta":[],"_links":{"self":[{"href":"https:\/\/uoiti.hr\/index.php?rest_route=\/wp\/v2\/posts\/5390","targetHints":{"allow":["GET"]}}],"collection":[{"href":"https:\/\/uoiti.hr\/index.php?rest_route=\/wp\/v2\/posts"}],"about":[{"href":"https:\/\/uoiti.hr\/index.php?rest_route=\/wp\/v2\/types\/post"}],"author":[{"embeddable":true,"href":"https:\/\/uoiti.hr\/index.php?rest_route=\/wp\/v2\/users\/2"}],"replies":[{"embeddable":true,"href":"https:\/\/uoiti.hr\/index.php?rest_route=%2Fwp%2Fv2%2Fcomments&post=5390"}],"version-history":[{"count":1,"href":"https:\/\/uoiti.hr\/index.php?rest_route=\/wp\/v2\/posts\/5390\/revisions"}],"predecessor-version":[{"id":5392,"href":"https:\/\/uoiti.hr\/index.php?rest_route=\/wp\/v2\/posts\/5390\/revisions\/5392"}],"wp:featuredmedia":[{"embeddable":true,"href":"https:\/\/uoiti.hr\/index.php?rest_route=\/wp\/v2\/media\/5393"}],"wp:attachment":[{"href":"https:\/\/uoiti.hr\/index.php?rest_route=%2Fwp%2Fv2%2Fmedia&parent=5390"}],"wp:term":[{"taxonomy":"category","embeddable":true,"href":"https:\/\/uoiti.hr\/index.php?rest_route=%2Fwp%2Fv2%2Fcategories&post=5390"},{"taxonomy":"post_tag","embeddable":true,"href":"https:\/\/uoiti.hr\/index.php?rest_route=%2Fwp%2Fv2%2Ftags&post=5390"}],"curies":[{"name":"wp","href":"https:\/\/api.w.org\/{rel}","templated":true}]}}