{"id":5380,"date":"2026-04-29T10:19:58","date_gmt":"2026-04-29T10:19:58","guid":{"rendered":"https:\/\/uoiti.hr\/?p=5380"},"modified":"2026-04-29T10:19:58","modified_gmt":"2026-04-29T10:19:58","slug":"transnacionalni-seminar-radionica-u-okviru-projekta-naturedisabilities","status":"publish","type":"post","link":"https:\/\/uoiti.hr\/?p=5380","title":{"rendered":"Transnacionalni seminar\/radionica u okviru projekta \u201eNature&amp;Disabilities\u201c"},"content":{"rendered":"\n<p>U sklopu projekta \u201eNature&amp;Disabilities\u201c, u Sveu\u010dili\u0161tu Alma Mater Europea (Dunajska cesta 158) u Ljubljani 19. svibnja bit \u0107e odr\u017ean besplatni transnacionalni seminar\/radionica namijenjen formalnim i neformalnim edukatorima, odnosno onima koji se profesionalno ili neprofesionalno bave aktivnostima namijenjenima formalnom ili neformalnom obrazovanju te osposobljavanju odraslih osoba s lak\u0161im ili umjerenim invaliditetom.<\/p>\n\n\n\n<p>Na seminaru\/radionici koji \u0107e trajati od 11:00 do 16:00 sati bit \u0107e predstavljani rezultati dviju nacionalnih studija (Slovenija i Hrvatska) o novim pristupima u\u010denju u prirodi za odrasle osobe s lak\u0161im ili umjerenim invaliditetom, inovativni pristupi u\u010denju koji obuhva\u0107aju gejmifikaciju, zelene vje\u0161tine i \u0161umsku terapiju (\u0161umsku kupku), te iskustva s radionica odr\u017eanih na Krasu i u Puli. Tako\u0111er, odr\u017eana \u0107e biti i interaktivna radionica na kojoj \u0107e sudionici mo\u0107i dobiti direktni uvid u prakti\u010dne aktivnosti provedene u sklopu projekta.<\/p>\n\n\n\n<p>Na radionici i u projektu sudjeluju: Ideje, koncepti in zgodbe, Varstveno delovni center Vrhnika\u2013Idrija i Socialna zbornica Slovenije (Slovenija) te Snaga \u0161ume i Udruga osoba s intelektualnim te\u0161ko\u0107ama Istre (Hrvatska)<\/p>\n\n\n\n<p>Seminar\/radionica bit \u0107e odr\u017eani na slovenskom i hrvatskom jeziku te \u0107e biti osigurani prijevod i potvrda o sudjelovanju.<\/p>\n\n\n\n<figure class=\"wp-block-image aligncenter size-large is-resized\"><img loading=\"lazy\" decoding=\"async\" width=\"1024\" height=\"768\" src=\"https:\/\/uoiti.hr\/wp-content\/uploads\/2026\/04\/pexels-jon-detray-755529-1647612-1024x768.jpg\" alt=\"\" class=\"wp-image-5381\" style=\"width:460px;height:auto\" srcset=\"https:\/\/uoiti.hr\/wp-content\/uploads\/2026\/04\/pexels-jon-detray-755529-1647612-1024x768.jpg 1024w, https:\/\/uoiti.hr\/wp-content\/uploads\/2026\/04\/pexels-jon-detray-755529-1647612-300x225.jpg 300w, https:\/\/uoiti.hr\/wp-content\/uploads\/2026\/04\/pexels-jon-detray-755529-1647612-768x576.jpg 768w, https:\/\/uoiti.hr\/wp-content\/uploads\/2026\/04\/pexels-jon-detray-755529-1647612.jpg 1500w\" sizes=\"auto, (max-width: 1024px) 100vw, 1024px\" \/><\/figure>\n\n\n\n<p><strong>Raspored seminara\/radionice:<\/strong><\/p>\n\n\n\n<p>10:30 \u2013 11:00 Dobrodo\u0161lica i registracija gostiju (kava, kroasani, voda)<\/p>\n\n\n\n<p>11:00 \u2013 11:45 Uvod, predstavljanje partnera i rezultata dviju nacionalnih studija (Slovenija i Hrvatska) o novim pristupima u\u010denju u prirodi za odrasle osobe s lak\u0161im ili umjerenim invaliditetom<\/p>\n\n\n\n<p>11:45 \u2013 15:45 Ostale aktivnosti seminara\/radionice:<\/p>\n\n\n\n<p>\u2022 predstavljanje inovativnih pristupa u\u010denju: gejmifikacija, zelene vje\u0161tine i \u0161umska terapija (\u0161umska kupka),<\/p>\n\n\n\n<p>\u2022 predstavljanje prakti\u010dnog iskustva u vo\u0111enju radionica na otvorenom za navedene skupine korisnika (izvedenima na Krasu i u Istri),<\/p>\n\n\n\n<p>\u2022 odr\u017eavanje interaktivne radionice s grupnim radom<\/p>\n\n\n\n<p>*Ovaj dio aktivnosti uklju\u010duje pauzu za toaletu i ru\u010dak<\/p>\n\n\n\n<p>15:45 \u2013 16:00 Ispunjavanje ankete o zadovoljstvu seminarom\/radionicom, zaklju\u010dak<\/p>\n\n\n\n<p><strong>Informacije o prijavi<\/strong><\/p>\n\n\n\n<p>Svi zainteresirani mogu se prijaviti do \u010detvrtka, <strong>14. svibnja<\/strong>, putem e-mail adrese <strong>ic@szslo.si<\/strong> (s naslovom poruke: \u201ePrijava na doga\u0111aj projekta Nature&amp;Disabilities\u201c) broja telefona <strong>+386 (0)1 292 73 10<\/strong>.<\/p>\n\n\n\n<p>Broj sudionika na doga\u0111aju je ograni\u010den, a ako nakon prijave ustanovite da ne mo\u017eete prisustvovati doga\u0111aju, molimo vas da o tome obavijestite organizatore bar 3 dana prije doga\u0111aja.<\/p>\n\n\n\n<p><strong>Prijevoz i parkiranje<\/strong><\/p>\n\n\n\n<p>Svi koji \u017eele sudjelovati na doga\u0111aju a nemaju vlastiti prijevoz, pozvani su da se prilikom prijave obrate organizatoru kako bi mogli organizirati zajedni\u010dki prijevoz.<\/p>\n\n\n\n<p>Za one koji dolaze svojim vozilima, parkiranje je dostupno u neposrednoj blizini lokacije &#8211; u parkirnoj ku\u0107i Smelt\/WTC ili u javnoj gara\u017ei Dunajski kristali, koja je od sveu\u010dili\u0161ta udaljena 7 minuta.<\/p>\n\n\n\n<p>Dodatne informacije o doga\u0111aju mogu\u0107e je dobiti putem maila info@szslo.si ili broja telefona + 386 (0)1 292 73 10.<\/p>\n\n\n\n<p>Projekt \u201eGejmifikacija, \u0161umska terapija i zelene vje\u0161tine \u2013 novi pristupi u\u010denju u prirodi za osna\u017eivanje odraslih osoba s tjelesnim i mentalnim te\u0161ko\u0107ama\u201c, skra\u0107eno \u201eNature&amp;Disabilities\u201c, sufinanciran je sredstvima Europske unije.<\/p>\n\n\n\n<p><em>Izneseni stavovi i mi\u0161ljenja su stavovi i mi\u0161ljenja autora i ne moraju se podudarati sa stavovima i mi\u0161ljenjima Europske unije ili Europske izvr\u0161ne agencije za obrazovanje i kulturu (EACEA). Ni Europska unija ni EACEA ne mogu se smatrati odgovornima za njih.<\/em><\/p>\n\n\n\n<figure class=\"wp-block-image aligncenter size-large is-resized\"><img loading=\"lazy\" decoding=\"async\" width=\"1024\" height=\"271\" src=\"http:\/\/uoiti.hr\/wp-content\/uploads\/2026\/03\/HR-Sufinancira-EUROPSKA-UNIJA_POS_POS-1024x271.jpg\" alt=\"\" class=\"wp-image-5197\" style=\"aspect-ratio:3.778932451582428;width:227px;height:auto\" srcset=\"https:\/\/uoiti.hr\/wp-content\/uploads\/2026\/03\/HR-Sufinancira-EUROPSKA-UNIJA_POS_POS-1024x271.jpg 1024w, https:\/\/uoiti.hr\/wp-content\/uploads\/2026\/03\/HR-Sufinancira-EUROPSKA-UNIJA_POS_POS-300x79.jpg 300w, https:\/\/uoiti.hr\/wp-content\/uploads\/2026\/03\/HR-Sufinancira-EUROPSKA-UNIJA_POS_POS-768x203.jpg 768w, https:\/\/uoiti.hr\/wp-content\/uploads\/2026\/03\/HR-Sufinancira-EUROPSKA-UNIJA_POS_POS-1536x406.jpg 1536w, https:\/\/uoiti.hr\/wp-content\/uploads\/2026\/03\/HR-Sufinancira-EUROPSKA-UNIJA_POS_POS.jpg 1687w\" sizes=\"auto, (max-width: 1024px) 100vw, 1024px\" \/><\/figure>\n\n\n\n<p><\/p>\n","protected":false},"excerpt":{"rendered":"<p>U sklopu projekta \u201eNature&amp;Disabilities\u201c, u Sveu\u010dili\u0161tu Alma Mater Europea (Dunajska cesta 158) u Ljubljani 19. svibnja bit \u0107e odr\u017ean besplatni transnacionalni seminar\/radionica namijenjen formalnim i neformalnim edukatorima, odnosno onima koji se profesionalno ili neprofesionalno bave aktivnostima namijenjenima formalnom ili neformalnom obrazovanju te osposobljavanju odraslih osoba s lak\u0161im ili umjerenim invaliditetom. Na seminaru\/radionici koji \u0107e trajati [&hellip;]<\/p>\n","protected":false},"author":2,"featured_media":5381,"comment_status":"closed","ping_status":"","sticky":false,"template":"","format":"standard","meta":{"footnotes":""},"categories":[14,10],"tags":[],"class_list":["post-5380","post","type-post","status-publish","format-standard","has-post-thumbnail","hentry","category-novosti","category-projekti"],"blocksy_meta":[],"_links":{"self":[{"href":"https:\/\/uoiti.hr\/index.php?rest_route=\/wp\/v2\/posts\/5380","targetHints":{"allow":["GET"]}}],"collection":[{"href":"https:\/\/uoiti.hr\/index.php?rest_route=\/wp\/v2\/posts"}],"about":[{"href":"https:\/\/uoiti.hr\/index.php?rest_route=\/wp\/v2\/types\/post"}],"author":[{"embeddable":true,"href":"https:\/\/uoiti.hr\/index.php?rest_route=\/wp\/v2\/users\/2"}],"replies":[{"embeddable":true,"href":"https:\/\/uoiti.hr\/index.php?rest_route=%2Fwp%2Fv2%2Fcomments&post=5380"}],"version-history":[{"count":1,"href":"https:\/\/uoiti.hr\/index.php?rest_route=\/wp\/v2\/posts\/5380\/revisions"}],"predecessor-version":[{"id":5382,"href":"https:\/\/uoiti.hr\/index.php?rest_route=\/wp\/v2\/posts\/5380\/revisions\/5382"}],"wp:featuredmedia":[{"embeddable":true,"href":"https:\/\/uoiti.hr\/index.php?rest_route=\/wp\/v2\/media\/5381"}],"wp:attachment":[{"href":"https:\/\/uoiti.hr\/index.php?rest_route=%2Fwp%2Fv2%2Fmedia&parent=5380"}],"wp:term":[{"taxonomy":"category","embeddable":true,"href":"https:\/\/uoiti.hr\/index.php?rest_route=%2Fwp%2Fv2%2Fcategories&post=5380"},{"taxonomy":"post_tag","embeddable":true,"href":"https:\/\/uoiti.hr\/index.php?rest_route=%2Fwp%2Fv2%2Ftags&post=5380"}],"curies":[{"name":"wp","href":"https:\/\/api.w.org\/{rel}","templated":true}]}}