{"id":5359,"date":"2026-04-22T11:08:39","date_gmt":"2026-04-22T11:08:39","guid":{"rendered":"https:\/\/uoiti.hr\/?p=5359"},"modified":"2026-04-27T11:39:02","modified_gmt":"2026-04-27T11:39:02","slug":"za-dan-planeta-zemlje-skok-do-ticna","status":"publish","type":"post","link":"https:\/\/uoiti.hr\/?p=5359","title":{"rendered":"Za Dan planeta Zemlje skok do Ti\u010dna!"},"content":{"rendered":"\n<p>Ovogodi\u0161nji Dan planeta Zemlje obilje\u017eili smo izletom u Ti\u010dan i \u0161etnjom njegovom prekrasnom okolicom. Na taj smo se na\u010din priklju\u010dili odavanju po\u010dasti postignu\u0107ima ekolo\u0161kog pokreta i podizanju svijesti o potrebi za\u0161tite prirodnih resursa za budu\u0107e generacije. <\/p>\n\n\n\n<p>Za rekreativni dio odabrali smo Sovinu \u0161etnicu, a razgledali smo i nekoliko lokvi te svjetski poznatu Zvjezdarnicu Vi\u0161njan smje\u0161tenu na brdu Ti\u010dan. Izletu se priklju\u010dila i ekipa iz nekoliko dnevnih boravaka Centra za inkluziju i podr\u0161ku u zajednici, pa je dru\u0161tvo bilo veliko i veselo &#8211; kako i prili\u010di ovako prekrasnom danu!<\/p>\n\n\n\n<figure class=\"wp-block-image aligncenter size-large is-resized\"><img loading=\"lazy\" decoding=\"async\" width=\"1024\" height=\"623\" src=\"https:\/\/uoiti.hr\/wp-content\/uploads\/2026\/04\/1777033463468-1024x623.jpg\" alt=\"\" class=\"wp-image-5360\" style=\"aspect-ratio:1.6437230326689953;width:523px;height:auto\" srcset=\"https:\/\/uoiti.hr\/wp-content\/uploads\/2026\/04\/1777033463468-1024x623.jpg 1024w, https:\/\/uoiti.hr\/wp-content\/uploads\/2026\/04\/1777033463468-300x182.jpg 300w, https:\/\/uoiti.hr\/wp-content\/uploads\/2026\/04\/1777033463468-768x467.jpg 768w, https:\/\/uoiti.hr\/wp-content\/uploads\/2026\/04\/1777033463468-1536x934.jpg 1536w, https:\/\/uoiti.hr\/wp-content\/uploads\/2026\/04\/1777033463468.jpg 1600w\" sizes=\"auto, (max-width: 1024px) 100vw, 1024px\" \/><\/figure>\n\n\n\n<p>Tema pod kojom 2026. obilje\u017eavamo Dan planete Zemlje je \u201cNa\u0161a snaga, na\u0161 planet\u201c. Njome se ukazuje na to da se napredak u za\u0161titi okoli\u0161a gradi svakodnevnim zajedni\u010dkim djelovanjem kako zajednica koje \u0161tite ekosustave tako i onih koji osmi\u0161ljavaju i nude inovativna rje\u0161enja. \u010cist zrak, sigurna voda i otpornost na klimatske promjene nisu opcionalni \u2013 oni su klju\u010dni. Zato se za Dan planeta Zemlje trebamo svi mobilizirati  &#8211; va\u017ena je svaka akcija i svaki glas, dok je znanje klju\u010dni faktor u postizanju tog cilja.<\/p>\n\n\n\n<figure class=\"wp-block-gallery has-nested-images columns-default is-cropped wp-block-gallery-1 is-layout-flex wp-block-gallery-is-layout-flex\">\n<figure class=\"wp-block-image size-large\"><img loading=\"lazy\" decoding=\"async\" width=\"1024\" height=\"768\" data-id=\"5361\" src=\"https:\/\/uoiti.hr\/wp-content\/uploads\/2026\/04\/1777033493000-1024x768.jpg\" alt=\"\" class=\"wp-image-5361\" srcset=\"https:\/\/uoiti.hr\/wp-content\/uploads\/2026\/04\/1777033493000-1024x768.jpg 1024w, https:\/\/uoiti.hr\/wp-content\/uploads\/2026\/04\/1777033493000-300x225.jpg 300w, https:\/\/uoiti.hr\/wp-content\/uploads\/2026\/04\/1777033493000-768x576.jpg 768w, https:\/\/uoiti.hr\/wp-content\/uploads\/2026\/04\/1777033493000-1536x1152.jpg 1536w, https:\/\/uoiti.hr\/wp-content\/uploads\/2026\/04\/1777033493000.jpg 1600w\" sizes=\"auto, (max-width: 1024px) 100vw, 1024px\" \/><\/figure>\n\n\n\n<figure class=\"wp-block-image size-large\"><img loading=\"lazy\" decoding=\"async\" width=\"1024\" height=\"834\" data-id=\"5362\" src=\"https:\/\/uoiti.hr\/wp-content\/uploads\/2026\/04\/1777033463446-1024x834.jpg\" alt=\"\" class=\"wp-image-5362\" srcset=\"https:\/\/uoiti.hr\/wp-content\/uploads\/2026\/04\/1777033463446-1024x834.jpg 1024w, https:\/\/uoiti.hr\/wp-content\/uploads\/2026\/04\/1777033463446-300x244.jpg 300w, https:\/\/uoiti.hr\/wp-content\/uploads\/2026\/04\/1777033463446-768x625.jpg 768w, https:\/\/uoiti.hr\/wp-content\/uploads\/2026\/04\/1777033463446.jpg 1474w\" sizes=\"auto, (max-width: 1024px) 100vw, 1024px\" \/><\/figure>\n\n\n\n<figure class=\"wp-block-image size-large\"><img loading=\"lazy\" decoding=\"async\" width=\"1024\" height=\"1012\" data-id=\"5363\" src=\"https:\/\/uoiti.hr\/wp-content\/uploads\/2026\/04\/1777033692480-1024x1012.jpg\" alt=\"\" class=\"wp-image-5363\" srcset=\"https:\/\/uoiti.hr\/wp-content\/uploads\/2026\/04\/1777033692480-1024x1012.jpg 1024w, https:\/\/uoiti.hr\/wp-content\/uploads\/2026\/04\/1777033692480-300x296.jpg 300w, https:\/\/uoiti.hr\/wp-content\/uploads\/2026\/04\/1777033692480-768x759.jpg 768w, https:\/\/uoiti.hr\/wp-content\/uploads\/2026\/04\/1777033692480.jpg 1192w\" sizes=\"auto, (max-width: 1024px) 100vw, 1024px\" \/><\/figure>\n<\/figure>\n\n\n\n<figure class=\"wp-block-gallery has-nested-images columns-default is-cropped wp-block-gallery-2 is-layout-flex wp-block-gallery-is-layout-flex\">\n<figure class=\"wp-block-image size-large\"><img loading=\"lazy\" decoding=\"async\" width=\"1024\" height=\"706\" data-id=\"5364\" src=\"https:\/\/uoiti.hr\/wp-content\/uploads\/2026\/04\/1777033692494-1024x706.jpg\" alt=\"\" class=\"wp-image-5364\" srcset=\"https:\/\/uoiti.hr\/wp-content\/uploads\/2026\/04\/1777033692494-1024x706.jpg 1024w, https:\/\/uoiti.hr\/wp-content\/uploads\/2026\/04\/1777033692494-300x207.jpg 300w, https:\/\/uoiti.hr\/wp-content\/uploads\/2026\/04\/1777033692494-768x530.jpg 768w, https:\/\/uoiti.hr\/wp-content\/uploads\/2026\/04\/1777033692494.jpg 1496w\" sizes=\"auto, (max-width: 1024px) 100vw, 1024px\" \/><\/figure>\n\n\n\n<figure class=\"wp-block-image size-large\"><img loading=\"lazy\" decoding=\"async\" width=\"1024\" height=\"545\" data-id=\"5365\" src=\"https:\/\/uoiti.hr\/wp-content\/uploads\/2026\/04\/1777033493018-1024x545.jpg\" alt=\"\" class=\"wp-image-5365\" srcset=\"https:\/\/uoiti.hr\/wp-content\/uploads\/2026\/04\/1777033493018-1024x545.jpg 1024w, https:\/\/uoiti.hr\/wp-content\/uploads\/2026\/04\/1777033493018-300x160.jpg 300w, https:\/\/uoiti.hr\/wp-content\/uploads\/2026\/04\/1777033493018-768x408.jpg 768w, https:\/\/uoiti.hr\/wp-content\/uploads\/2026\/04\/1777033493018-1536x817.jpg 1536w, https:\/\/uoiti.hr\/wp-content\/uploads\/2026\/04\/1777033493018.jpg 1600w\" sizes=\"auto, (max-width: 1024px) 100vw, 1024px\" \/><\/figure>\n\n\n\n<figure class=\"wp-block-image size-large\"><img loading=\"lazy\" decoding=\"async\" width=\"1024\" height=\"783\" data-id=\"5366\" src=\"https:\/\/uoiti.hr\/wp-content\/uploads\/2026\/04\/1777033493011-1024x783.jpg\" alt=\"\" class=\"wp-image-5366\" srcset=\"https:\/\/uoiti.hr\/wp-content\/uploads\/2026\/04\/1777033493011-1024x783.jpg 1024w, https:\/\/uoiti.hr\/wp-content\/uploads\/2026\/04\/1777033493011-300x229.jpg 300w, https:\/\/uoiti.hr\/wp-content\/uploads\/2026\/04\/1777033493011-768x587.jpg 768w, https:\/\/uoiti.hr\/wp-content\/uploads\/2026\/04\/1777033493011-1536x1175.jpg 1536w, https:\/\/uoiti.hr\/wp-content\/uploads\/2026\/04\/1777033493011.jpg 1569w\" sizes=\"auto, (max-width: 1024px) 100vw, 1024px\" \/><\/figure>\n<\/figure>\n\n\n\n<figure class=\"wp-block-image aligncenter size-large is-resized\"><img loading=\"lazy\" decoding=\"async\" width=\"1024\" height=\"736\" src=\"https:\/\/uoiti.hr\/wp-content\/uploads\/2026\/04\/1777033692488-1024x736.jpg\" alt=\"\" class=\"wp-image-5367\" style=\"width:459px;height:auto\" srcset=\"https:\/\/uoiti.hr\/wp-content\/uploads\/2026\/04\/1777033692488-1024x736.jpg 1024w, https:\/\/uoiti.hr\/wp-content\/uploads\/2026\/04\/1777033692488-300x216.jpg 300w, https:\/\/uoiti.hr\/wp-content\/uploads\/2026\/04\/1777033692488-768x552.jpg 768w, https:\/\/uoiti.hr\/wp-content\/uploads\/2026\/04\/1777033692488-1536x1103.jpg 1536w, https:\/\/uoiti.hr\/wp-content\/uploads\/2026\/04\/1777033692488.jpg 1566w\" sizes=\"auto, (max-width: 1024px) 100vw, 1024px\" \/><\/figure>\n\n\n\n<p><\/p>\n","protected":false},"excerpt":{"rendered":"<p>Ovogodi\u0161nji Dan planeta Zemlje obilje\u017eili smo izletom u Ti\u010dan i \u0161etnjom njegovom prekrasnom okolicom. Na taj smo se na\u010din priklju\u010dili odavanju po\u010dasti postignu\u0107ima ekolo\u0161kog pokreta i podizanju svijesti o potrebi za\u0161tite prirodnih resursa za budu\u0107e generacije. Za rekreativni dio odabrali smo Sovinu \u0161etnicu, a razgledali smo i nekoliko lokvi te svjetski poznatu Zvjezdarnicu Vi\u0161njan smje\u0161tenu [&hellip;]<\/p>\n","protected":false},"author":2,"featured_media":5360,"comment_status":"closed","ping_status":"","sticky":false,"template":"","format":"standard","meta":{"footnotes":""},"categories":[12,14],"tags":[],"class_list":["post-5359","post","type-post","status-publish","format-standard","has-post-thumbnail","hentry","category-boravak","category-novosti"],"blocksy_meta":[],"_links":{"self":[{"href":"https:\/\/uoiti.hr\/index.php?rest_route=\/wp\/v2\/posts\/5359","targetHints":{"allow":["GET"]}}],"collection":[{"href":"https:\/\/uoiti.hr\/index.php?rest_route=\/wp\/v2\/posts"}],"about":[{"href":"https:\/\/uoiti.hr\/index.php?rest_route=\/wp\/v2\/types\/post"}],"author":[{"embeddable":true,"href":"https:\/\/uoiti.hr\/index.php?rest_route=\/wp\/v2\/users\/2"}],"replies":[{"embeddable":true,"href":"https:\/\/uoiti.hr\/index.php?rest_route=%2Fwp%2Fv2%2Fcomments&post=5359"}],"version-history":[{"count":1,"href":"https:\/\/uoiti.hr\/index.php?rest_route=\/wp\/v2\/posts\/5359\/revisions"}],"predecessor-version":[{"id":5368,"href":"https:\/\/uoiti.hr\/index.php?rest_route=\/wp\/v2\/posts\/5359\/revisions\/5368"}],"wp:featuredmedia":[{"embeddable":true,"href":"https:\/\/uoiti.hr\/index.php?rest_route=\/wp\/v2\/media\/5360"}],"wp:attachment":[{"href":"https:\/\/uoiti.hr\/index.php?rest_route=%2Fwp%2Fv2%2Fmedia&parent=5359"}],"wp:term":[{"taxonomy":"category","embeddable":true,"href":"https:\/\/uoiti.hr\/index.php?rest_route=%2Fwp%2Fv2%2Fcategories&post=5359"},{"taxonomy":"post_tag","embeddable":true,"href":"https:\/\/uoiti.hr\/index.php?rest_route=%2Fwp%2Fv2%2Ftags&post=5359"}],"curies":[{"name":"wp","href":"https:\/\/api.w.org\/{rel}","templated":true}]}}